{"id":342661,"date":"2025-09-22T10:23:47","date_gmt":"2025-09-22T08:23:47","guid":{"rendered":"https:\/\/www.varcolor.it\/?p=342661"},"modified":"2026-03-04T10:30:07","modified_gmt":"2026-03-04T09:30:07","slug":"25-anni-di-varcolor-innovazione-e-qualita-nel-rivestimento-dellacciaio","status":"publish","type":"post","link":"https:\/\/www.varcolor.it\/fr\/nouvelles-2\/25-anni-di-varcolor-innovazione-e-qualita-nel-rivestimento-dellacciaio\/","title":{"rendered":"25 ans de Varcolor : innovation et qualit\u00e9 dans le rev\u00eatement de l\u2019acier"},"content":{"rendered":"<p>[et_pb_section fb_built=\u00a0\u00bb1&Prime; _builder_version=\u00a0\u00bb4.15&Prime; custom_margin=\u00a0\u00bb0px||||false|false\u00a0\u00bb custom_padding=\u00a0\u00bb0px||||false|false\u00a0\u00bb da_disable_devices=\u00a0\u00bboff|off|off\u00a0\u00bb locked=\u00a0\u00bboff\u00a0\u00bb global_colors_info=\u00a0\u00bb{}\u00a0\u00bb da_is_popup=\u00a0\u00bboff\u00a0\u00bb da_exit_intent=\u00a0\u00bboff\u00a0\u00bb da_has_close=\u00a0\u00bbon\u00a0\u00bb da_alt_close=\u00a0\u00bboff\u00a0\u00bb da_dark_close=\u00a0\u00bboff\u00a0\u00bb da_not_modal=\u00a0\u00bbon\u00a0\u00bb da_is_singular=\u00a0\u00bboff\u00a0\u00bb da_with_loader=\u00a0\u00bboff\u00a0\u00bb da_has_shadow=\u00a0\u00bbon\u00a0\u00bb][et_pb_row _builder_version=\u00a0\u00bb4.15.1&Prime; _module_preset=\u00a0\u00bbdefault\u00a0\u00bb locked=\u00a0\u00bboff\u00a0\u00bb global_colors_info=\u00a0\u00bb{}\u00a0\u00bb][et_pb_column type=\u00a0\u00bb4_4&Prime; _builder_version=\u00a0\u00bb4.15.1&Prime; _module_preset=\u00a0\u00bbdefault\u00a0\u00bb global_colors_info=\u00a0\u00bb{}\u00a0\u00bb][et_pb_image src=\u00a0\u00bbhttps:\/\/www.varcolor.it\/wp-content\/uploads\/sites\/16\/2025\/09\/25-anni-image-news-Sett25.jpg\u00a0\u00bb title_text=\u00a0\u00bb25 anni image news Sett25&Prime; show_bottom_space=\u00a0\u00bboff\u00a0\u00bb force_fullwidth=\u00a0\u00bbon\u00a0\u00bb _builder_version=\u00a0\u00bb4.15.1&Prime; _module_preset=\u00a0\u00bbdefault\u00a0\u00bb custom_margin=\u00a0\u00bb||20px||false|false\u00a0\u00bb global_colors_info=\u00a0\u00bb{}\u00a0\u00bb][\/et_pb_image][et_pb_text _builder_version=\u00a0\u00bb4.15.1&Prime; _module_preset=\u00a0\u00bbdefault\u00a0\u00bb header_font=\u00a0\u00bb|700|||||||\u00a0\u00bb header_font_size=\u00a0\u00bb36px\u00a0\u00bb hover_enabled=\u00a0\u00bb0&Prime; global_colors_info=\u00a0\u00bb{}\u00a0\u00bb sticky_enabled=\u00a0\u00bb0&Prime;]<\/p>\n<div class=\"et_pb_title_container\">\n<h1 class=\"entry-title\">25 ans de Varcolor : innovation et qualit\u00e9 dans le rev\u00eatement de l\u2019acier<\/h1>\n<p class=\"et_pb_title_meta_container\"><span class=\"published\">22 Septembre 2025<\/span><\/p>\n<\/div>\n<p>[\/et_pb_text][\/et_pb_column][\/et_pb_row][et_pb_row _builder_version=\u00a0\u00bb4.15&Prime; background_size=\u00a0\u00bbinitial\u00a0\u00bb background_position=\u00a0\u00bbtop_left\u00a0\u00bb background_repeat=\u00a0\u00bbrepeat\u00a0\u00bb custom_margin=\u00a0\u00bb0px||||false|false\u00a0\u00bb custom_padding=\u00a0\u00bb0px||||false|false\u00a0\u00bb global_colors_info=\u00a0\u00bb{}\u00a0\u00bb][et_pb_column type=\u00a0\u00bb4_4&Prime; _builder_version=\u00a0\u00bb4.15&Prime; custom_padding=\u00a0\u00bb|||\u00a0\u00bb global_colors_info=\u00a0\u00bb{}\u00a0\u00bb custom_padding__hover=\u00a0\u00bb|||\u00a0\u00bb][et_pb_post_title author=\u00a0\u00bboff\u00a0\u00bb date_format=\u00a0\u00bbj F Y\u00a0\u00bb categories=\u00a0\u00bboff\u00a0\u00bb comments=\u00a0\u00bboff\u00a0\u00bb featured_placement=\u00a0\u00bbabove\u00a0\u00bb disabled_on=\u00a0\u00bbon|on|on\u00a0\u00bb _builder_version=\u00a0\u00bb4.15.1&Prime; title_font=\u00a0\u00bb|700|||||||\u00a0\u00bb title_font_size=\u00a0\u00bb36px\u00a0\u00bb custom_css_post_image=\u00a0\u00bbmargin-bottom: 20px;\u00a0\u00bb disabled=\u00a0\u00bbon\u00a0\u00bb global_colors_info=\u00a0\u00bb{}\u00a0\u00bb][\/et_pb_post_title][et_pb_text _builder_version=\u00a0\u00bb4.15.1&Prime; background_size=\u00a0\u00bbinitial\u00a0\u00bb background_position=\u00a0\u00bbtop_left\u00a0\u00bb background_repeat=\u00a0\u00bbrepeat\u00a0\u00bb hover_enabled=\u00a0\u00bb0&Prime; global_colors_info=\u00a0\u00bb{}\u00a0\u00bb sticky_enabled=\u00a0\u00bb0&Prime;]<\/p>\n<p>Cette ann\u00e9e est sp\u00e9ciale pour Varcolor, qui c\u00e9l\u00e8bre son 25\u1d49 anniversaire. Fond\u00e9e en 2000, l\u2019entreprise s\u2019est impos\u00e9e comme une r\u00e9f\u00e9rence dans l\u2019industrie de l\u2019acier pr\u00e9-rev\u00eatu, gr\u00e2ce \u00e0 un engagement constant dans la recherche et le d\u00e9veloppement de solutions innovantes. Notre mission est d\u2019offrir des produits de haute qualit\u00e9, accompagn\u00e9s d\u2019un service d\u2019assistance technique et de conseil sp\u00e9cialis\u00e9.<\/p>\n<p>Aujourd\u2019hui, Varcolor est une entreprise dynamique et en pleine croissance : les personnes sont notre ressource la plus pr\u00e9cieuse. Notre \u00e9quipe, jeune et motiv\u00e9e, partage une philosophie claire : atteindre les objectifs de l\u2019entreprise tout en garantissant la pleine satisfaction du client.<\/p>\n<p>Cette \u00e9tape importante est le fruit du travail et de la passion de toutes celles et ceux qui ont contribu\u00e9 \u00e0 la croissance de Varcolor au cours de ces 25 ann\u00e9es. Nous regardons vers l\u2019avenir avec enthousiasme, pr\u00eats \u00e0 relever de nouveaux d\u00e9fis et \u00e0 continuer d\u2019innover dans notre industrie.<\/p>\n<p>[\/et_pb_text][\/et_pb_column][\/et_pb_row][\/et_pb_section][et_pb_section fb_built=\u00a0\u00bb1&Prime; _builder_version=\u00a0\u00bb4.15&Prime; custom_padding=\u00a0\u00bb||0px||false|false\u00a0\u00bb da_disable_devices=\u00a0\u00bboff|off|off\u00a0\u00bb border_width_top=\u00a0\u00bb1px\u00a0\u00bb border_color_top=\u00a0\u00bb#cccccc\u00a0\u00bb saved_tabs=\u00a0\u00bball\u00a0\u00bb locked=\u00a0\u00bboff\u00a0\u00bb global_colors_info=\u00a0\u00bb{}\u00a0\u00bb da_is_popup=\u00a0\u00bboff\u00a0\u00bb da_exit_intent=\u00a0\u00bboff\u00a0\u00bb da_has_close=\u00a0\u00bbon\u00a0\u00bb da_alt_close=\u00a0\u00bboff\u00a0\u00bb da_dark_close=\u00a0\u00bboff\u00a0\u00bb da_not_modal=\u00a0\u00bbon\u00a0\u00bb da_is_singular=\u00a0\u00bboff\u00a0\u00bb da_with_loader=\u00a0\u00bboff\u00a0\u00bb da_has_shadow=\u00a0\u00bbon\u00a0\u00bb][et_pb_row _builder_version=\u00a0\u00bb4.15&Prime; global_colors_info=\u00a0\u00bb{}\u00a0\u00bb][et_pb_column type=\u00a0\u00bb4_4&Prime; _builder_version=\u00a0\u00bb4.15&Prime; global_colors_info=\u00a0\u00bb{}\u00a0\u00bb][et_pb_post_nav in_same_term=\u00a0\u00bbon\u00a0\u00bb prev_text=\u00a0\u00bb%title\u00a0\u00bb next_text=\u00a0\u00bb%title\u00a0\u00bb _builder_version=\u00a0\u00bb4.15.1&Prime; global_colors_info=\u00a0\u00bb{}\u00a0\u00bb][\/et_pb_post_nav][\/et_pb_column][\/et_pb_row][\/et_pb_section]<\/p>\n","protected":false},"excerpt":{"rendered":"<p>Cette ann\u00e9e est sp\u00e9ciale pour Varcolor, qui c\u00e9l\u00e8bre son 25\u1d49 anniversaire. Fond\u00e9e en 2000, l\u2019entreprise s\u2019est impos\u00e9e comme une r\u00e9f\u00e9rence dans l\u2019industrie de l\u2019acier pr\u00e9-rev\u00eatu.<\/p>\n","protected":false},"author":3,"featured_media":342664,"comment_status":"open","ping_status":"open","sticky":false,"template":"","format":"standard","meta":{"_et_pb_use_builder":"on","_et_pb_old_content":"","_et_gb_content_width":"","inline_featured_image":false,"ngg_post_thumbnail":0},"categories":[27],"tags":[],"_links":{"self":[{"href":"https:\/\/www.varcolor.it\/fr\/wp-json\/wp\/v2\/posts\/342661"}],"collection":[{"href":"https:\/\/www.varcolor.it\/fr\/wp-json\/wp\/v2\/posts"}],"about":[{"href":"https:\/\/www.varcolor.it\/fr\/wp-json\/wp\/v2\/types\/post"}],"author":[{"embeddable":true,"href":"https:\/\/www.varcolor.it\/fr\/wp-json\/wp\/v2\/users\/3"}],"replies":[{"embeddable":true,"href":"https:\/\/www.varcolor.it\/fr\/wp-json\/wp\/v2\/comments?post=342661"}],"version-history":[{"count":3,"href":"https:\/\/www.varcolor.it\/fr\/wp-json\/wp\/v2\/posts\/342661\/revisions"}],"predecessor-version":[{"id":342705,"href":"https:\/\/www.varcolor.it\/fr\/wp-json\/wp\/v2\/posts\/342661\/revisions\/342705"}],"wp:featuredmedia":[{"embeddable":true,"href":"https:\/\/www.varcolor.it\/fr\/wp-json\/wp\/v2\/media\/342664"}],"wp:attachment":[{"href":"https:\/\/www.varcolor.it\/fr\/wp-json\/wp\/v2\/media?parent=342661"}],"wp:term":[{"taxonomy":"category","embeddable":true,"href":"https:\/\/www.varcolor.it\/fr\/wp-json\/wp\/v2\/categories?post=342661"},{"taxonomy":"post_tag","embeddable":true,"href":"https:\/\/www.varcolor.it\/fr\/wp-json\/wp\/v2\/tags?post=342661"}],"curies":[{"name":"wp","href":"https:\/\/api.w.org\/{rel}","templated":true}]}}